{"id":20053,"date":"2015-06-16T23:40:43","date_gmt":"2015-06-17T02:40:43","guid":{"rendered":"http:\/\/www.comboinfinito.com.br\/principal\/?p=20053"},"modified":"2016-06-25T17:40:57","modified_gmt":"2016-06-25T20:40:57","slug":"e3-2015-playstation-4-passara-a-ser-produzido-no-brasil-a-partir-de-outubro-preco-tende-a-cair","status":"publish","type":"post","link":"https:\/\/www.comboinfinito.com.br\/principal\/e3-2015-playstation-4-passara-a-ser-produzido-no-brasil-a-partir-de-outubro-preco-tende-a-cair\/","title":{"rendered":"E3 2015: Playstation 4 passar\u00e1 a ser produzido no Brasil a partir de Outubro. Pre\u00e7o tende a cair"},"content":{"rendered":"<p style=\"text-align: justify;\"><a href=\"http:\/\/www.comboinfinito.com.br\/principal\/wp-content\/uploads\/2015\/02\/playstation-4-brasil.jpg\"><img fetchpriority=\"high\" decoding=\"async\" class=\"size-full wp-image-17298\" src=\"http:\/\/www.comboinfinito.com.br\/principal\/wp-content\/uploads\/2015\/02\/playstation-4-brasil.jpg\" alt=\"playstation-4-brasil\" width=\"896\" height=\"504\" data-wp-pid=\"17298\" srcset=\"https:\/\/www.comboinfinito.com.br\/principal\/wp-content\/uploads\/2015\/02\/playstation-4-brasil.jpg 896w, https:\/\/www.comboinfinito.com.br\/principal\/wp-content\/uploads\/2015\/02\/playstation-4-brasil-300x169.jpg 300w, https:\/\/www.comboinfinito.com.br\/principal\/wp-content\/uploads\/2015\/02\/playstation-4-brasil-768x432.jpg 768w, https:\/\/www.comboinfinito.com.br\/principal\/wp-content\/uploads\/2015\/02\/playstation-4-brasil-180x101.jpg 180w, https:\/\/www.comboinfinito.com.br\/principal\/wp-content\/uploads\/2015\/02\/playstation-4-brasil-360x203.jpg 360w, https:\/\/www.comboinfinito.com.br\/principal\/wp-content\/uploads\/2015\/02\/playstation-4-brasil-790x444.jpg 790w, https:\/\/www.comboinfinito.com.br\/principal\/wp-content\/uploads\/2015\/02\/playstation-4-brasil-800x450.jpg 800w\" sizes=\"(max-width: 896px) 100vw, 896px\" \/><\/a><\/p>\n<p style=\"text-align: justify;\">A <strong>Sony<\/strong> sempre faz uma confer\u00eancia para a Am\u00e9rica Latina durante a <strong>E3<\/strong> e este ano n\u00e3o foi diferente. A apresenta\u00e7\u00e3o j\u00e1 come\u00e7ou com uma \u00f3tima not\u00edcia para n\u00f3s brasileiros. Segundo Anderson Gracias, chefe da divis\u00e3o Playstation no pa\u00eds, a Sony est\u00e1 fazendo o que os jogadores pediam:<\/p><div id=\"combo-588575064\" class=\"combo-paragrafo-1-2 combo-entity-placement\"><div style=\" margin: 10px auto;\">\r\n  <div style=\"text-align: center; \">\r\n    <span style=\"font-size: 10px; \">- PUBLICIDADE -<\/span>\r\n  <\/div>\r\n  <div class=\"pubad\" data-pos=\"LMR\" style=\"margin:0 auto; text-align: center; width: 336px; height: 280px;\"><\/div>\r\n<\/div><\/div>\n<blockquote><p><em>&#8220;Nos \u00faltimos dois anos, ouvimos o que os gamers brasileiros pediam. Eles queriam um pre\u00e7o justo para o console. E, com isso, anunciamos a fabrica\u00e7\u00e3o nacional&#8221;<\/em><\/p><\/blockquote>\n<p style=\"text-align: justify;\">A not\u00edcia tamb\u00e9m repercutiu no twitter do Playstation no Brasil e a pergunta que mais surgiu foi: E o pre\u00e7o, quanto ser\u00e1 agora? Ainda n\u00e3o sabemos essa resposta, mas com isso o valor tende a cair, e muito. At\u00e9 porque os 4 mil reais iniciais s\u00e3o totalmente irreais.<\/p>\n<blockquote class=\"twitter-tweet\" lang=\"pt\" align=\"center\">\n<p dir=\"ltr\" lang=\"pt\" style=\"text-align: justify;\" align=\"center\">Nosso cora\u00e7\u00e3o sempre esteve aqui. Em outubro, o PS4 ser\u00e1 oficialmente produzido no Brasil! <a href=\"https:\/\/twitter.com\/hashtag\/E32015?src=hash\">#E32015<\/a> <a href=\"https:\/\/twitter.com\/hashtag\/E3tadoPlay?src=hash\">#E3tadoPlay<\/a> <a href=\"http:\/\/t.co\/KcHqD7Th69\">pic.twitter.com\/KcHqD7Th69<\/a><\/p>\n<p style=\"text-align: justify;\">\u2014 PlayStation Brasil (@PlayStation_BR) <a href=\"https:\/\/twitter.com\/PlayStation_BR\/status\/610997054861627393\">17 junho 2015<\/a><\/p>\n<\/blockquote>\n<p><script src=\"\/\/platform.twitter.com\/widgets.js\" async=\"\" charset=\"utf-8\"><\/script><\/p>\n<div id=\"combo-34173447\" class=\"combo-depois-do-conteudo combo-entity-placement\"><div id=\"target-outbrain\"><\/div>\r\n<!--OUTBRAIN-->\r\n<script type=\"text\/javascript\">\r\n\/*smartfeed*\/\r\ndocument.getElementById(\"target-outbrain\").insertAdjacentHTML('afterEnd','<div class=\"OUTBRAIN\" data-src='+ location.href +' data-widget-id=\"GS_4\"style =\"width:80%;margin:auto;\"><\/div>');\r\n<\/script>\r\n<script type=\"text\/javascript\" async=\"async\" src=\"\/\/widgets.outbrain.com\/outbrain.js\"><\/script>\r\n<!--OUTBRAIN--> <\/div>","protected":false},"excerpt":{"rendered":"<p>A Sony sempre faz uma confer\u00eancia para a Am\u00e9rica Latina durante a E3 e este ano n\u00e3o foi diferente. A apresenta\u00e7\u00e3o j\u00e1 come\u00e7ou com uma \u00f3tima not\u00edcia para n\u00f3s brasileiros. Segundo Anderson Gracias, chefe da divis\u00e3o Playstation no pa\u00eds, a Sony est\u00e1 fazendo o que os jogadores pediam: &#8220;Nos \u00faltimos dois anos, ouvimos o que [&hellip;]<\/p>\n","protected":false},"author":1,"featured_media":17298,"comment_status":"open","ping_status":"open","sticky":false,"template":"","format":"standard","meta":{"_shortscore_rating":"","_shortscore_game":"","_shortscore_summary":"","footnotes":""},"categories":[12309,12293,12298,36,5],"tags":[2121,7676,2127,7677],"class_list":["post-20053","post","type-post","status-publish","format-standard","has-post-thumbnail","hentry","category-noticias","category-games","category-plataformas","category-playstation","category-ps4","tag-playstation-4","tag-ps4-brasil","tag-ps4-brasileiro","tag-ps4-fabricado-no-brasil"],"yoast_head":"<!-- This site is optimized with the Yoast SEO plugin v28.3 - https:\/\/yoast.com\/product\/yoast-seo-wordpress\/ -->\n<title>E3 2015: Playstation 4 passar\u00e1 a ser produzido no Brasil a partir de Outubro. Pre\u00e7o tende a cair - Combo Infinito<\/title>\n<meta name=\"robots\" content=\"index, follow, max-snippet:-1, max-image-preview:large, max-video-preview:-1\" \/>\n<link rel=\"canonical\" href=\"https:\/\/www.comboinfinito.com.br\/principal\/e3-2015-playstation-4-passara-a-ser-produzido-no-brasil-a-partir-de-outubro-preco-tende-a-cair\/\" \/>\n<meta name=\"author\" content=\"Ariel Souza\" \/>\n<script type=\"application\/ld+json\" class=\"yoast-schema-graph\">{\"@context\":\"https:\\\/\\\/schema.org\",\"@graph\":[{\"@type\":\"BreadcrumbList\",\"@id\":\"https:\\\/\\\/www.comboinfinito.com.br\\\/principal\\\/e3-2015-playstation-4-passara-a-ser-produzido-no-brasil-a-partir-de-outubro-preco-tende-a-cair\\\/#breadcrumb\",\"itemListElement\":[{\"@type\":\"ListItem\",\"position\":1,\"name\":\"In\u00edcio\",\"item\":\"https:\\\/\\\/www.comboinfinito.com.br\\\/principal\\\/\"},{\"@type\":\"ListItem\",\"position\":2,\"name\":\"E3 2015: Playstation 4 passar\u00e1 a ser produzido no Brasil a partir de Outubro. Pre\u00e7o tende a cair\"}]}]}<\/script>\n<!-- \/ Yoast SEO plugin. -->","yoast_head_json":{"title":"E3 2015: Playstation 4 passar\u00e1 a ser produzido no Brasil a partir de Outubro. Pre\u00e7o tende a cair - Combo Infinito","robots":{"index":"index","follow":"follow","max-snippet":"max-snippet:-1","max-image-preview":"max-image-preview:large","max-video-preview":"max-video-preview:-1"},"canonical":"https:\/\/www.comboinfinito.com.br\/principal\/e3-2015-playstation-4-passara-a-ser-produzido-no-brasil-a-partir-de-outubro-preco-tende-a-cair\/","author":"Ariel Souza","schema":{"@context":"https:\/\/schema.org","@graph":[{"@type":"BreadcrumbList","@id":"https:\/\/www.comboinfinito.com.br\/principal\/e3-2015-playstation-4-passara-a-ser-produzido-no-brasil-a-partir-de-outubro-preco-tende-a-cair\/#breadcrumb","itemListElement":[{"@type":"ListItem","position":1,"name":"In\u00edcio","item":"https:\/\/www.comboinfinito.com.br\/principal\/"},{"@type":"ListItem","position":2,"name":"E3 2015: Playstation 4 passar\u00e1 a ser produzido no Brasil a partir de Outubro. Pre\u00e7o tende a cair"}]}]}},"_links":{"self":[{"href":"https:\/\/www.comboinfinito.com.br\/principal\/wp-json\/wp\/v2\/posts\/20053","targetHints":{"allow":["GET"]}}],"collection":[{"href":"https:\/\/www.comboinfinito.com.br\/principal\/wp-json\/wp\/v2\/posts"}],"about":[{"href":"https:\/\/www.comboinfinito.com.br\/principal\/wp-json\/wp\/v2\/types\/post"}],"author":[{"embeddable":true,"href":"https:\/\/www.comboinfinito.com.br\/principal\/wp-json\/wp\/v2\/users\/1"}],"replies":[{"embeddable":true,"href":"https:\/\/www.comboinfinito.com.br\/principal\/wp-json\/wp\/v2\/comments?post=20053"}],"version-history":[{"count":0,"href":"https:\/\/www.comboinfinito.com.br\/principal\/wp-json\/wp\/v2\/posts\/20053\/revisions"}],"wp:featuredmedia":[{"embeddable":true,"href":"https:\/\/www.comboinfinito.com.br\/principal\/wp-json\/wp\/v2\/media\/17298"}],"wp:attachment":[{"href":"https:\/\/www.comboinfinito.com.br\/principal\/wp-json\/wp\/v2\/media?parent=20053"}],"wp:term":[{"taxonomy":"category","embeddable":true,"href":"https:\/\/www.comboinfinito.com.br\/principal\/wp-json\/wp\/v2\/categories?post=20053"},{"taxonomy":"post_tag","embeddable":true,"href":"https:\/\/www.comboinfinito.com.br\/principal\/wp-json\/wp\/v2\/tags?post=20053"}],"curies":[{"name":"wp","href":"https:\/\/api.w.org\/{rel}","templated":true}]}}