{"id":54818,"date":"2017-03-02T21:14:36","date_gmt":"2017-03-03T00:14:36","guid":{"rendered":"http:\/\/www.comboinfinito.com.br\/principal\/?p=54818"},"modified":"2017-03-02T21:14:36","modified_gmt":"2017-03-03T00:14:36","slug":"amd-lanca-ryzen-processadores-com-performance-recorde-de-overclocking","status":"publish","type":"post","link":"https:\/\/www.comboinfinito.com.br\/principal\/amd-lanca-ryzen-processadores-com-performance-recorde-de-overclocking\/","title":{"rendered":"AMD lan\u00e7a Ryzen &#8211; Processadores com performance recorde de overclocking"},"content":{"rendered":"<p style=\"text-align: center;\"><a href=\"http:\/\/www.comboinfinito.com.br\/principal\/wp-content\/uploads\/2017\/03\/amd-ryzen-lancamento.jpg\"><img fetchpriority=\"high\" decoding=\"async\" class=\"aligncenter size-full wp-image-54857\" src=\"http:\/\/www.comboinfinito.com.br\/principal\/wp-content\/uploads\/2017\/03\/amd-ryzen-lancamento.jpg\" alt=\"\" width=\"896\" height=\"504\" data-wp-pid=\"54857\" srcset=\"https:\/\/www.comboinfinito.com.br\/principal\/wp-content\/uploads\/2017\/03\/amd-ryzen-lancamento.jpg 896w, https:\/\/www.comboinfinito.com.br\/principal\/wp-content\/uploads\/2017\/03\/amd-ryzen-lancamento-300x169.jpg 300w, https:\/\/www.comboinfinito.com.br\/principal\/wp-content\/uploads\/2017\/03\/amd-ryzen-lancamento-768x432.jpg 768w, https:\/\/www.comboinfinito.com.br\/principal\/wp-content\/uploads\/2017\/03\/amd-ryzen-lancamento-180x101.jpg 180w, https:\/\/www.comboinfinito.com.br\/principal\/wp-content\/uploads\/2017\/03\/amd-ryzen-lancamento-360x203.jpg 360w, https:\/\/www.comboinfinito.com.br\/principal\/wp-content\/uploads\/2017\/03\/amd-ryzen-lancamento-790x444.jpg 790w, https:\/\/www.comboinfinito.com.br\/principal\/wp-content\/uploads\/2017\/03\/amd-ryzen-lancamento-800x450.jpg 800w\" sizes=\"(max-width: 896px) 100vw, 896px\" \/><\/a><\/p>\n<p style=\"text-align: center;\"><em>Novos processadores Ryzen 7 est\u00e3o configurados para revigorar o mercado de computa\u00e7\u00e3o de desktop; pr\u00e9-vendas sem precedentes mostram Ryzen liderando as listas de mais vendidos<\/em><\/p><div id=\"combo-3938384189\" class=\"combo-paragrafo-1-2 combo-entity-placement\"><div style=\" margin: 10px auto;\">\r\n  <div style=\"text-align: center; \">\r\n    <span style=\"font-size: 10px; \">- PUBLICIDADE -<\/span>\r\n  <\/div>\r\n  <div class=\"pubad\" data-pos=\"LMR\" style=\"margin:0 auto; text-align: center; width: 336px; height: 280px;\"><\/div>\r\n<\/div><\/div>\n<p style=\"text-align: left;\">A <strong>AMD<\/strong>\u00a0lan\u00e7ou hoje os tr\u00eas primeiros modelos de seu processador t\u00e3o esperado de alto desempenho, o <strong>AMD Ryzen<\/strong> de desktop. A forte demanda por essas novas CPUs de desktop conduziu a recordes de pr\u00e9-vendas de mais de 180 distribuidores e lojas de OEMs durante a semana anterior ao lan\u00e7amento. Agora oferecido para compra em todo o mundo, Ryzen \u00e9 o primeiro processador inteiramente baseado na nova microarquitetura AMD &#8220;Zen&#8221; core, levando o desempenho l\u00edder multi-core para gamers de <strong>PC<\/strong>, criadores e entusiastas de hardware em todo o mundo.<\/p>\n<p style=\"text-align: left;\">Lisa Su, presidente e CEO da AMD comenta:<\/p>\n<blockquote>\n<p style=\"text-align: left;\"><em>&#8220;O lan\u00e7amento de hoje do Ryzen representa a AMD em seu melhor momento oferecendo excelentes produtos e inova\u00e7\u00e3o para o mercado de computa\u00e7\u00e3o de alto desempenho, com os processadores desktop Ryzen 7, a AMD oferece aos jogadores de PC, produtores de conte\u00fado e entusiastas tanto o mais alto desempenho1, como os processadores de PC de 8 n\u00facleos de menor consumo energ\u00e9tico2 levando a melhor experi\u00eancia absoluta em PC para milh\u00f5es de pessoas&#8221;<\/em><\/p>\n<\/blockquote>\n<p style=\"text-align: left;\">A partir de hoje, existem tr\u00eas modelos Ryzen 7 de 8 n\u00facleos dispon\u00edveis. A partir do segundo trimestre, a AMD espera lan\u00e7ar os processadores Ryzen 5 de 6 e 4 n\u00facleos, seguidos no final deste ano pelo Ryzen 3, projetado para oferecer mais desempenho \u00e0s aplica\u00e7\u00f5es de massa. Todos os processadores Ryzen oferecem suporte \u00e0 nova infraestrutura AM4, com designs de placas-m\u00e3e dispon\u00edveis a partir de ODMs superiores.<\/p><div id=\"combo-904245692\" class=\"combo-paragrafo-3 combo-entity-placement\"><div style=\" margin: 10px auto;\">\r\n  <div style=\"text-align: center; \">\r\n    <span style=\"font-size: 10px; \">- PUBLICIDADE -<\/span>\r\n  <\/div>\r\n  <div class=\"pubad\" data-pos=\"LMR\" style=\"margin:0 auto; text-align: center; width: 336px; height: 280px;\"><\/div>\r\n<\/div><\/div>\n<p style=\"text-align: left;\">Juntamente com os processadores Ryzen 7, a AMD tamb\u00e9m anunciou as especifica\u00e7\u00f5es para dois processadores Ryzen 5 e demonstrou o emblem\u00e1tico Ryzen 5 1600X batendo o carro-chefe Intel Core i5 7600K em mais de 60% nos testes de CPU multi-threaded.<\/p>\n<p style=\"text-align: left;\">O software livremente dispon\u00edvel Ryzen Master oferece amplo controle das configura\u00e7\u00f5es da CPU permitindo que os usu\u00e1rios espremam cada gota do desempenho de suas CPUs. Os processadores AMD Ryzen est\u00e3o dispon\u00edveis a partir de hoje em distribuidores selecionados.<\/p>\n<div id=\"combo-3468530517\" class=\"combo-depois-do-conteudo combo-entity-placement\"><div id=\"target-outbrain\"><\/div>\r\n<!--OUTBRAIN-->\r\n<script type=\"text\/javascript\">\r\n\/*smartfeed*\/\r\ndocument.getElementById(\"target-outbrain\").insertAdjacentHTML('afterEnd','<div class=\"OUTBRAIN\" data-src='+ location.href +' data-widget-id=\"GS_4\"style =\"width:80%;margin:auto;\"><\/div>');\r\n<\/script>\r\n<script type=\"text\/javascript\" async=\"async\" src=\"\/\/widgets.outbrain.com\/outbrain.js\"><\/script>\r\n<!--OUTBRAIN--> <\/div>","protected":false},"excerpt":{"rendered":"<p>Novos processadores Ryzen 7 est\u00e3o configurados para revigorar o mercado de computa\u00e7\u00e3o de desktop; pr\u00e9-vendas sem precedentes mostram Ryzen liderando as listas de mais vendidos A AMD\u00a0lan\u00e7ou hoje os tr\u00eas primeiros modelos de seu processador t\u00e3o esperado de alto desempenho, o AMD Ryzen de desktop. A forte demanda por essas novas CPUs de desktop conduziu [&hellip;]<\/p>\n","protected":false},"author":29,"featured_media":54857,"comment_status":"open","ping_status":"open","sticky":false,"template":"","format":"standard","meta":{"_shortscore_rating":"","_shortscore_game":"","_shortscore_summary":"","footnotes":""},"categories":[9514,241],"tags":[254,14469,54],"class_list":["post-54818","post","type-post","status-publish","format-standard","has-post-thumbnail","hentry","category-tecnologia","category-todas","tag-amd","tag-amd-ryzen","tag-pc"],"yoast_head":"<!-- This site is optimized with the Yoast SEO plugin v28.3 - https:\/\/yoast.com\/product\/yoast-seo-wordpress\/ -->\n<title>AMD lan\u00e7a Ryzen - Processadores com performance recorde de overclocking - Combo Infinito<\/title>\n<meta name=\"robots\" content=\"index, follow, max-snippet:-1, max-image-preview:large, max-video-preview:-1\" \/>\n<link rel=\"canonical\" href=\"https:\/\/www.comboinfinito.com.br\/principal\/amd-lanca-ryzen-processadores-com-performance-recorde-de-overclocking\/\" \/>\n<meta name=\"author\" content=\"Julia Braz\" \/>\n<script type=\"application\/ld+json\" class=\"yoast-schema-graph\">{\"@context\":\"https:\\\/\\\/schema.org\",\"@graph\":[{\"@type\":\"BreadcrumbList\",\"@id\":\"https:\\\/\\\/www.comboinfinito.com.br\\\/principal\\\/amd-lanca-ryzen-processadores-com-performance-recorde-de-overclocking\\\/#breadcrumb\",\"itemListElement\":[{\"@type\":\"ListItem\",\"position\":1,\"name\":\"In\u00edcio\",\"item\":\"https:\\\/\\\/www.comboinfinito.com.br\\\/principal\\\/\"},{\"@type\":\"ListItem\",\"position\":2,\"name\":\"AMD lan\u00e7a Ryzen &#8211; Processadores com performance recorde de overclocking\"}]}]}<\/script>\n<!-- \/ Yoast SEO plugin. -->","yoast_head_json":{"title":"AMD lan\u00e7a Ryzen - Processadores com performance recorde de overclocking - Combo Infinito","robots":{"index":"index","follow":"follow","max-snippet":"max-snippet:-1","max-image-preview":"max-image-preview:large","max-video-preview":"max-video-preview:-1"},"canonical":"https:\/\/www.comboinfinito.com.br\/principal\/amd-lanca-ryzen-processadores-com-performance-recorde-de-overclocking\/","author":"Julia Braz","schema":{"@context":"https:\/\/schema.org","@graph":[{"@type":"BreadcrumbList","@id":"https:\/\/www.comboinfinito.com.br\/principal\/amd-lanca-ryzen-processadores-com-performance-recorde-de-overclocking\/#breadcrumb","itemListElement":[{"@type":"ListItem","position":1,"name":"In\u00edcio","item":"https:\/\/www.comboinfinito.com.br\/principal\/"},{"@type":"ListItem","position":2,"name":"AMD lan\u00e7a Ryzen &#8211; Processadores com performance recorde de overclocking"}]}]}},"_links":{"self":[{"href":"https:\/\/www.comboinfinito.com.br\/principal\/wp-json\/wp\/v2\/posts\/54818","targetHints":{"allow":["GET"]}}],"collection":[{"href":"https:\/\/www.comboinfinito.com.br\/principal\/wp-json\/wp\/v2\/posts"}],"about":[{"href":"https:\/\/www.comboinfinito.com.br\/principal\/wp-json\/wp\/v2\/types\/post"}],"author":[{"embeddable":true,"href":"https:\/\/www.comboinfinito.com.br\/principal\/wp-json\/wp\/v2\/users\/29"}],"replies":[{"embeddable":true,"href":"https:\/\/www.comboinfinito.com.br\/principal\/wp-json\/wp\/v2\/comments?post=54818"}],"version-history":[{"count":0,"href":"https:\/\/www.comboinfinito.com.br\/principal\/wp-json\/wp\/v2\/posts\/54818\/revisions"}],"wp:featuredmedia":[{"embeddable":true,"href":"https:\/\/www.comboinfinito.com.br\/principal\/wp-json\/wp\/v2\/media\/54857"}],"wp:attachment":[{"href":"https:\/\/www.comboinfinito.com.br\/principal\/wp-json\/wp\/v2\/media?parent=54818"}],"wp:term":[{"taxonomy":"category","embeddable":true,"href":"https:\/\/www.comboinfinito.com.br\/principal\/wp-json\/wp\/v2\/categories?post=54818"},{"taxonomy":"post_tag","embeddable":true,"href":"https:\/\/www.comboinfinito.com.br\/principal\/wp-json\/wp\/v2\/tags?post=54818"}],"curies":[{"name":"wp","href":"https:\/\/api.w.org\/{rel}","templated":true}]}}